{"id":222,"date":"2018-11-21T20:51:44","date_gmt":"2018-11-21T20:51:44","guid":{"rendered":"https:\/\/flycam-media.com\/?post_type=phort_post&#038;p=222"},"modified":"2024-02-29T18:45:08","modified_gmt":"2024-02-29T18:45:08","slug":"event-photography","status":"publish","type":"phort_post","link":"https:\/\/flycam-media.com\/en\/portfolio\/event-photography","title":{"rendered":"EVENT FILMS &#038; PHOTOGRAPHY"},"content":{"rendered":"<p>Book us for your next event and we will capture the best moments in high quality for you. Have a look at the gallery and see some examples.<\/p>\n<p><iframe loading=\"lazy\" title=\"vimeo-player\" src=\"https:\/\/player.vimeo.com\/video\/833963618?h=ec1323a7b5\" width=\"640\" height=\"360\" frameborder=\"0\" allowfullscreen=\"allowfullscreen\"><\/iframe><\/p>\n<p><iframe loading=\"lazy\" src=\"https:\/\/player.vimeo.com\/video\/559074425\" width=\"640\" height=\"360\" frameborder=\"0\" allowfullscreen=\"allowfullscreen\"><\/iframe><\/p>\n<p><iframe loading=\"lazy\" src=\"https:\/\/player.vimeo.com\/video\/561717853\" width=\"640\" height=\"360\" frameborder=\"0\" allowfullscreen=\"allowfullscreen\"><\/iframe><\/p>\n<p><iframe loading=\"lazy\" src=\"https:\/\/player.vimeo.com\/video\/258192918\" width=\"640\" height=\"360\" frameborder=\"0\" allowfullscreen=\"allowfullscreen\"><\/iframe><\/p>\n<p><iframe loading=\"lazy\" src=\"https:\/\/player.vimeo.com\/video\/193062028\" width=\"640\" height=\"360\" frameborder=\"0\" allowfullscreen=\"allowfullscreen\"><\/iframe><\/p>\n<p><iframe loading=\"lazy\" src=\"https:\/\/player.vimeo.com\/video\/153599701\" width=\"640\" height=\"360\" frameborder=\"0\" allowfullscreen=\"allowfullscreen\"><\/iframe><\/p>\n<p>","protected":false},"excerpt":{"rendered":"<p>Book us for your next event and we will capture the best moments in high quality for you. Have a look at the gallery and see some examples.<\/p>\n","protected":false},"featured_media":235,"template":"","meta":[],"yoast_head":"<!-- This site is optimized with the Yoast SEO plugin v18.1 - https:\/\/yoast.com\/wordpress\/plugins\/seo\/ -->\n<title>EVENT FILMS &amp; PHOTOGRAPHY - Flycam Media Mallorca<\/title>\n<meta name=\"description\" content=\"Ihr Eventfotograf auf Mallorca. Buchen Sie uns f\u00fcr Ihr Incentive, Ihre Sportveranstaltung, Ihr Jubil\u00e4um und wenn Sie hochwertige Businessfotos ben\u00f6tigen.\" \/>\n<meta name=\"robots\" content=\"index, follow, max-snippet:-1, max-image-preview:large, max-video-preview:-1\" \/>\n<link rel=\"canonical\" href=\"https:\/\/flycam-media.com\/portfolio\/event-photography\" \/>\n<meta property=\"og:locale\" content=\"en_US\" \/>\n<meta property=\"og:type\" content=\"article\" \/>\n<meta property=\"og:title\" content=\"EVENT FILMS &amp; PHOTOGRAPHY - Flycam Media Mallorca\" \/>\n<meta property=\"og:description\" content=\"Ihr Eventfotograf auf Mallorca. Buchen Sie uns f\u00fcr Ihr Incentive, Ihre Sportveranstaltung, Ihr Jubil\u00e4um und wenn Sie hochwertige Businessfotos ben\u00f6tigen.\" \/>\n<meta property=\"og:url\" content=\"https:\/\/flycam-media.com\/portfolio\/event-photography\" \/>\n<meta property=\"og:site_name\" content=\"Flycam Media Mallorca\" \/>\n<meta property=\"article:publisher\" content=\"https:\/\/de-de.facebook.com\/flycammediaservice\/\" \/>\n<meta property=\"article:modified_time\" content=\"2024-02-29T18:45:08+00:00\" \/>\n<meta property=\"og:image\" content=\"https:\/\/flycam-media.com\/wp-content\/uploads\/2018\/11\/Allianz_Mallorca_2018_Tag3_223-1024x683.jpg\" \/>\n\t<meta property=\"og:image:width\" content=\"1024\" \/>\n\t<meta property=\"og:image:height\" content=\"683\" \/>\n\t<meta property=\"og:image:type\" content=\"image\/jpeg\" \/>\n<meta name=\"twitter:card\" content=\"summary_large_image\" \/>\n<meta name=\"twitter:label1\" content=\"Est. reading time\" \/>\n\t<meta name=\"twitter:data1\" content=\"1 minute\" \/>\n<script type=\"application\/ld+json\" class=\"yoast-schema-graph\">{\"@context\":\"https:\/\/schema.org\",\"@graph\":[{\"@type\":\"Organization\",\"@id\":\"https:\/\/flycam-media.com\/#organization\",\"name\":\"Flycam Media Mallorca\",\"url\":\"https:\/\/flycam-media.com\/\",\"sameAs\":[\"https:\/\/de-de.facebook.com\/flycammediaservice\/\",\"https:\/\/www.instagram.com\/flycam_media_mallorca\/\"],\"logo\":{\"@type\":\"ImageObject\",\"@id\":\"https:\/\/flycam-media.com\/#logo\",\"inLanguage\":\"en-US\",\"url\":\"https:\/\/flycam-media.com\/wp-content\/uploads\/2018\/11\/fly_only.png\",\"contentUrl\":\"https:\/\/flycam-media.com\/wp-content\/uploads\/2018\/11\/fly_only.png\",\"width\":850,\"height\":850,\"caption\":\"Flycam Media Mallorca\"},\"image\":{\"@id\":\"https:\/\/flycam-media.com\/#logo\"}},{\"@type\":\"WebSite\",\"@id\":\"https:\/\/flycam-media.com\/#website\",\"url\":\"https:\/\/flycam-media.com\/\",\"name\":\"Flycam Media Film Production Mallorca\",\"description\":\"PHOTO, FILM AND AERIAL PRODUCTIONS\",\"publisher\":{\"@id\":\"https:\/\/flycam-media.com\/#organization\"},\"potentialAction\":[{\"@type\":\"SearchAction\",\"target\":{\"@type\":\"EntryPoint\",\"urlTemplate\":\"https:\/\/flycam-media.com\/?s={search_term_string}\"},\"query-input\":\"required name=search_term_string\"}],\"inLanguage\":\"en-US\"},{\"@type\":\"ImageObject\",\"@id\":\"https:\/\/flycam-media.com\/portfolio\/event-photography#primaryimage\",\"inLanguage\":\"en-US\",\"url\":\"https:\/\/flycam-media.com\/wp-content\/uploads\/2018\/11\/Allianz_Mallorca_2018_Tag3_223.jpg\",\"contentUrl\":\"https:\/\/flycam-media.com\/wp-content\/uploads\/2018\/11\/Allianz_Mallorca_2018_Tag3_223.jpg\",\"width\":1920,\"height\":1281,\"caption\":\"Monastery Deia Sunset Dinner Flycam Media Incentive and Event Photographer Mallorca and Ibiza\"},{\"@type\":\"WebPage\",\"@id\":\"https:\/\/flycam-media.com\/portfolio\/event-photography#webpage\",\"url\":\"https:\/\/flycam-media.com\/portfolio\/event-photography\",\"name\":\"EVENT FILMS & PHOTOGRAPHY - Flycam Media Mallorca\",\"isPartOf\":{\"@id\":\"https:\/\/flycam-media.com\/#website\"},\"primaryImageOfPage\":{\"@id\":\"https:\/\/flycam-media.com\/portfolio\/event-photography#primaryimage\"},\"datePublished\":\"2018-11-21T20:51:44+00:00\",\"dateModified\":\"2024-02-29T18:45:08+00:00\",\"description\":\"Ihr Eventfotograf auf Mallorca. Buchen Sie uns f\u00fcr Ihr Incentive, Ihre Sportveranstaltung, Ihr Jubil\u00e4um und wenn Sie hochwertige Businessfotos ben\u00f6tigen.\",\"breadcrumb\":{\"@id\":\"https:\/\/flycam-media.com\/portfolio\/event-photography#breadcrumb\"},\"inLanguage\":\"en-US\",\"potentialAction\":[{\"@type\":\"ReadAction\",\"target\":[\"https:\/\/flycam-media.com\/portfolio\/event-photography\"]}]},{\"@type\":\"BreadcrumbList\",\"@id\":\"https:\/\/flycam-media.com\/portfolio\/event-photography#breadcrumb\",\"itemListElement\":[{\"@type\":\"ListItem\",\"position\":1,\"name\":\"Startseite\",\"item\":\"https:\/\/flycam-media.com\/\"},{\"@type\":\"ListItem\",\"position\":2,\"name\":\"Portfolio Entries\",\"item\":\"https:\/\/flycam-media.com\/portfolio\"},{\"@type\":\"ListItem\",\"position\":3,\"name\":\"EVENTVIDEOS &#038; FOTOGRAFIE\"}]}]}<\/script>\n<!-- \/ Yoast SEO plugin. -->","yoast_head_json":{"title":"EVENT FILMS & PHOTOGRAPHY - Flycam Media Mallorca","description":"Ihr Eventfotograf auf Mallorca. Buchen Sie uns f\u00fcr Ihr Incentive, Ihre Sportveranstaltung, Ihr Jubil\u00e4um und wenn Sie hochwertige Businessfotos ben\u00f6tigen.","robots":{"index":"index","follow":"follow","max-snippet":"max-snippet:-1","max-image-preview":"max-image-preview:large","max-video-preview":"max-video-preview:-1"},"canonical":"https:\/\/flycam-media.com\/portfolio\/event-photography","og_locale":"en_US","og_type":"article","og_title":"EVENT FILMS & PHOTOGRAPHY - Flycam Media Mallorca","og_description":"Ihr Eventfotograf auf Mallorca. Buchen Sie uns f\u00fcr Ihr Incentive, Ihre Sportveranstaltung, Ihr Jubil\u00e4um und wenn Sie hochwertige Businessfotos ben\u00f6tigen.","og_url":"https:\/\/flycam-media.com\/portfolio\/event-photography","og_site_name":"Flycam Media Mallorca","article_publisher":"https:\/\/de-de.facebook.com\/flycammediaservice\/","article_modified_time":"2024-02-29T18:45:08+00:00","og_image":[{"width":1024,"height":683,"url":"https:\/\/flycam-media.com\/wp-content\/uploads\/2018\/11\/Allianz_Mallorca_2018_Tag3_223-1024x683.jpg","type":"image\/jpeg"}],"twitter_card":"summary_large_image","twitter_misc":{"Est. reading time":"1 minute"},"schema":{"@context":"https:\/\/schema.org","@graph":[{"@type":"Organization","@id":"https:\/\/flycam-media.com\/#organization","name":"Flycam Media Mallorca","url":"https:\/\/flycam-media.com\/","sameAs":["https:\/\/de-de.facebook.com\/flycammediaservice\/","https:\/\/www.instagram.com\/flycam_media_mallorca\/"],"logo":{"@type":"ImageObject","@id":"https:\/\/flycam-media.com\/#logo","inLanguage":"en-US","url":"https:\/\/flycam-media.com\/wp-content\/uploads\/2018\/11\/fly_only.png","contentUrl":"https:\/\/flycam-media.com\/wp-content\/uploads\/2018\/11\/fly_only.png","width":850,"height":850,"caption":"Flycam Media Mallorca"},"image":{"@id":"https:\/\/flycam-media.com\/#logo"}},{"@type":"WebSite","@id":"https:\/\/flycam-media.com\/#website","url":"https:\/\/flycam-media.com\/","name":"Flycam Media Film Production Mallorca","description":"PHOTO, FILM AND AERIAL PRODUCTIONS","publisher":{"@id":"https:\/\/flycam-media.com\/#organization"},"potentialAction":[{"@type":"SearchAction","target":{"@type":"EntryPoint","urlTemplate":"https:\/\/flycam-media.com\/?s={search_term_string}"},"query-input":"required name=search_term_string"}],"inLanguage":"en-US"},{"@type":"ImageObject","@id":"https:\/\/flycam-media.com\/portfolio\/event-photography#primaryimage","inLanguage":"en-US","url":"https:\/\/flycam-media.com\/wp-content\/uploads\/2018\/11\/Allianz_Mallorca_2018_Tag3_223.jpg","contentUrl":"https:\/\/flycam-media.com\/wp-content\/uploads\/2018\/11\/Allianz_Mallorca_2018_Tag3_223.jpg","width":1920,"height":1281,"caption":"Monastery Deia Sunset Dinner Flycam Media Incentive and Event Photographer Mallorca and Ibiza"},{"@type":"WebPage","@id":"https:\/\/flycam-media.com\/portfolio\/event-photography#webpage","url":"https:\/\/flycam-media.com\/portfolio\/event-photography","name":"EVENT FILMS & PHOTOGRAPHY - Flycam Media Mallorca","isPartOf":{"@id":"https:\/\/flycam-media.com\/#website"},"primaryImageOfPage":{"@id":"https:\/\/flycam-media.com\/portfolio\/event-photography#primaryimage"},"datePublished":"2018-11-21T20:51:44+00:00","dateModified":"2024-02-29T18:45:08+00:00","description":"Ihr Eventfotograf auf Mallorca. Buchen Sie uns f\u00fcr Ihr Incentive, Ihre Sportveranstaltung, Ihr Jubil\u00e4um und wenn Sie hochwertige Businessfotos ben\u00f6tigen.","breadcrumb":{"@id":"https:\/\/flycam-media.com\/portfolio\/event-photography#breadcrumb"},"inLanguage":"en-US","potentialAction":[{"@type":"ReadAction","target":["https:\/\/flycam-media.com\/portfolio\/event-photography"]}]},{"@type":"BreadcrumbList","@id":"https:\/\/flycam-media.com\/portfolio\/event-photography#breadcrumb","itemListElement":[{"@type":"ListItem","position":1,"name":"Startseite","item":"https:\/\/flycam-media.com\/"},{"@type":"ListItem","position":2,"name":"Portfolio Entries","item":"https:\/\/flycam-media.com\/portfolio"},{"@type":"ListItem","position":3,"name":"EVENTVIDEOS &#038; FOTOGRAFIE"}]}]}},"_links":{"self":[{"href":"https:\/\/flycam-media.com\/en\/wp-json\/wp\/v2\/phort_post\/222"}],"collection":[{"href":"https:\/\/flycam-media.com\/en\/wp-json\/wp\/v2\/phort_post"}],"about":[{"href":"https:\/\/flycam-media.com\/en\/wp-json\/wp\/v2\/types\/phort_post"}],"wp:featuredmedia":[{"embeddable":true,"href":"https:\/\/flycam-media.com\/en\/wp-json\/wp\/v2\/media\/235"}],"wp:attachment":[{"href":"https:\/\/flycam-media.com\/en\/wp-json\/wp\/v2\/media?parent=222"}],"curies":[{"name":"wp","href":"https:\/\/api.w.org\/{rel}","templated":true}]}}